{"id":60,"date":"2018-07-19T14:09:33","date_gmt":"2018-07-19T17:09:33","guid":{"rendered":"http:\/\/lumiculicich.com\/?p=60"},"modified":"2023-10-28T08:41:45","modified_gmt":"2023-10-28T11:41:45","slug":"foto-fanzine-u","status":"publish","type":"post","link":"https:\/\/lumiculicich.com\/en\/foto-fanzine-u\/","title":{"rendered":"U photo-fanzine"},"content":{"rendered":"<div class=\"module module--row\" data-section=\"true\">\n<div><img decoding=\"async\" src=\"http:\/\/lumiculicich.com\/wp-content\/uploads\/2023\/10\/LM_U_Proyecto_01.jpg\" \/><\/div>\n<\/div>\n<div class=\"module module--project\" data-section=\"true\" style=\"\"><div class=\"module--project__content\"><h1>A self-managed goat<\/h1><h4>Casa Rodolfo Walsh, Buenos Aires, Argentina<\/h4><p>\nThis fanzine was part of an independent fair in which illustrators, photographers and visual artists participated. I submitted a limited number of copies, with hand-cut pearlescent paper covers and four different designs for the tracing paper bookmark.\n<\/p><\/div><\/div>\n<div class=\"module module--row\" data-section=\"true\">\n<div><img decoding=\"async\" src=\"http:\/\/lumiculicich.com\/wp-content\/uploads\/2023\/10\/LM_U_Proyecto_02.jpg\" \/><\/div>\n<\/div>\n<div class=\"module module--margin module--margin--small\"><\/div>\n<div class=\"module module--row\" data-section=\"true\">\n<div><img decoding=\"async\" src=\"http:\/\/lumiculicich.com\/wp-content\/uploads\/2023\/10\/LM_U_Proyecto_03.jpg\" \/><\/div>\n<\/div>\n<div class=\"module module--margin module--margin--small\"><\/div>\n<div class=\"module module--row\" data-section=\"true\">\n<div><img decoding=\"async\" src=\"http:\/\/lumiculicich.com\/wp-content\/uploads\/2023\/10\/LM_U_Proyecto_04.jpg\" \/><\/div>\n<\/div>","protected":false},"excerpt":{"rendered":"<p>Photo-fanzine that collects photographs taken in Ushuaia, Tierra del Fuego, in March 2016.<\/p>\n","protected":false},"author":2,"featured_media":1222,"comment_status":"closed","ping_status":"open","sticky":false,"template":"","format":"standard","meta":{"footnotes":""},"categories":[24,4],"tags":[28,14,10],"yoast_head":"<!-- This site is optimized with the Yoast SEO plugin v24.5 - https:\/\/yoast.com\/wordpress\/plugins\/seo\/ -->\n<title>U photo-fanzine - Luc\u00eda Miculicich<\/title>\n<meta name=\"robots\" content=\"index, follow, max-snippet:-1, max-image-preview:large, max-video-preview:-1\" \/>\n<link rel=\"canonical\" href=\"https:\/\/lumiculicich.com\/foto-fanzine-u\/\" \/>\n<meta property=\"og:locale\" content=\"en_US\" \/>\n<meta property=\"og:type\" content=\"article\" \/>\n<meta property=\"og:title\" content=\"U photo-fanzine - Luc\u00eda Miculicich\" \/>\n<meta property=\"og:description\" content=\"[:es]Foto-fanzine que re\u00fane fotograf\u00edas tomadas en Ushuaia, Tierra del Fuego, durante marzo de 2016.[:en]Photo-fanzine that collects photographs taken in Ushuaia, Tierra del Fuego, in March 2016.[:]\" \/>\n<meta property=\"og:url\" content=\"https:\/\/lumiculicich.com\/foto-fanzine-u\/\" \/>\n<meta property=\"og:site_name\" content=\"Luc\u00eda Miculicich\" \/>\n<meta property=\"article:published_time\" content=\"2018-07-19T17:09:33+00:00\" \/>\n<meta property=\"article:modified_time\" content=\"2023-10-28T11:41:45+00:00\" \/>\n<meta property=\"og:image\" content=\"https:\/\/lumiculicich.com\/wp-content\/uploads\/2023\/10\/LM_U_Thumbnail.jpg\" \/>\n\t<meta property=\"og:image:width\" content=\"2000\" \/>\n\t<meta property=\"og:image:height\" content=\"1226\" \/>\n\t<meta property=\"og:image:type\" content=\"image\/jpeg\" \/>\n<meta name=\"author\" content=\"Luc\u00eda Miculicich\" \/>\n<meta name=\"twitter:card\" content=\"summary_large_image\" \/>\n<meta name=\"twitter:label1\" content=\"Written by\" \/>\n\t<meta name=\"twitter:data1\" content=\"Luc\u00eda Miculicich\" \/>\n\t<meta name=\"twitter:label2\" content=\"Est. reading time\" \/>\n\t<meta name=\"twitter:data2\" content=\"1 minute\" \/>\n<script type=\"application\/ld+json\" class=\"yoast-schema-graph\">{\"@context\":\"https:\/\/schema.org\",\"@graph\":[{\"@type\":\"Article\",\"@id\":\"https:\/\/lumiculicich.com\/foto-fanzine-u\/#article\",\"isPartOf\":{\"@id\":\"https:\/\/lumiculicich.com\/foto-fanzine-u\/\"},\"author\":{\"name\":\"Luc\u00eda Miculicich\",\"@id\":\"https:\/\/lumiculicich.com\/#\/schema\/person\/28bae0e5f12cd32ecea58088f38c655b\"},\"headline\":\"U photo-fanzine\",\"datePublished\":\"2018-07-19T17:09:33+00:00\",\"dateModified\":\"2023-10-28T11:41:45+00:00\",\"mainEntityOfPage\":{\"@id\":\"https:\/\/lumiculicich.com\/foto-fanzine-u\/\"},\"wordCount\":275,\"publisher\":{\"@id\":\"https:\/\/lumiculicich.com\/#\/schema\/person\/28bae0e5f12cd32ecea58088f38c655b\"},\"image\":{\"@id\":\"https:\/\/lumiculicich.com\/foto-fanzine-u\/#primaryimage\"},\"thumbnailUrl\":\"https:\/\/lumiculicich.com\/wp-content\/uploads\/2023\/10\/LM_U_Thumbnail.jpg\",\"keywords\":[\"Graphic design\",\"Editorial\",\"Photography\"],\"articleSection\":[\"Art\",\"Design\"],\"inLanguage\":\"en-US\"},{\"@type\":\"WebPage\",\"@id\":\"https:\/\/lumiculicich.com\/foto-fanzine-u\/\",\"url\":\"https:\/\/lumiculicich.com\/foto-fanzine-u\/\",\"name\":\"U photo-fanzine - Luc\u00eda Miculicich\",\"isPartOf\":{\"@id\":\"https:\/\/lumiculicich.com\/#website\"},\"primaryImageOfPage\":{\"@id\":\"https:\/\/lumiculicich.com\/foto-fanzine-u\/#primaryimage\"},\"image\":{\"@id\":\"https:\/\/lumiculicich.com\/foto-fanzine-u\/#primaryimage\"},\"thumbnailUrl\":\"https:\/\/lumiculicich.com\/wp-content\/uploads\/2023\/10\/LM_U_Thumbnail.jpg\",\"datePublished\":\"2018-07-19T17:09:33+00:00\",\"dateModified\":\"2023-10-28T11:41:45+00:00\",\"breadcrumb\":{\"@id\":\"https:\/\/lumiculicich.com\/foto-fanzine-u\/#breadcrumb\"},\"inLanguage\":\"en-US\",\"potentialAction\":[{\"@type\":\"ReadAction\",\"target\":[\"https:\/\/lumiculicich.com\/foto-fanzine-u\/\"]}]},{\"@type\":\"ImageObject\",\"inLanguage\":\"en-US\",\"@id\":\"https:\/\/lumiculicich.com\/foto-fanzine-u\/#primaryimage\",\"url\":\"https:\/\/lumiculicich.com\/wp-content\/uploads\/2023\/10\/LM_U_Thumbnail.jpg\",\"contentUrl\":\"https:\/\/lumiculicich.com\/wp-content\/uploads\/2023\/10\/LM_U_Thumbnail.jpg\",\"width\":2000,\"height\":1226},{\"@type\":\"BreadcrumbList\",\"@id\":\"https:\/\/lumiculicich.com\/foto-fanzine-u\/#breadcrumb\",\"itemListElement\":[{\"@type\":\"ListItem\",\"position\":1,\"name\":\"Inicio\",\"item\":\"https:\/\/lumiculicich.com\/\"},{\"@type\":\"ListItem\",\"position\":2,\"name\":\"Foto-fanzine U\"}]},{\"@type\":\"WebSite\",\"@id\":\"https:\/\/lumiculicich.com\/#website\",\"url\":\"https:\/\/lumiculicich.com\/\",\"name\":\"Luc\u00eda Miculicich\",\"description\":\"Visual + Multimedia Designer\",\"publisher\":{\"@id\":\"https:\/\/lumiculicich.com\/#\/schema\/person\/28bae0e5f12cd32ecea58088f38c655b\"},\"potentialAction\":[{\"@type\":\"SearchAction\",\"target\":{\"@type\":\"EntryPoint\",\"urlTemplate\":\"https:\/\/lumiculicich.com\/?s={search_term_string}\"},\"query-input\":{\"@type\":\"PropertyValueSpecification\",\"valueRequired\":true,\"valueName\":\"search_term_string\"}}],\"inLanguage\":\"en-US\"},{\"@type\":[\"Person\",\"Organization\"],\"@id\":\"https:\/\/lumiculicich.com\/#\/schema\/person\/28bae0e5f12cd32ecea58088f38c655b\",\"name\":\"Luc\u00eda Miculicich\",\"image\":{\"@type\":\"ImageObject\",\"inLanguage\":\"en-US\",\"@id\":\"https:\/\/lumiculicich.com\/#\/schema\/person\/image\/\",\"url\":\"https:\/\/lumiculicich.com\/wp-content\/uploads\/2023\/10\/LM_CV.jpg\",\"contentUrl\":\"https:\/\/lumiculicich.com\/wp-content\/uploads\/2023\/10\/LM_CV.jpg\",\"width\":1000,\"height\":1000,\"caption\":\"Luc\u00eda Miculicich\"},\"logo\":{\"@id\":\"https:\/\/lumiculicich.com\/#\/schema\/person\/image\/\"},\"sameAs\":[\"https:\/\/www.lumiculicich.com\"]}]}<\/script>\n<!-- \/ Yoast SEO plugin. -->","yoast_head_json":{"title":"U photo-fanzine - Luc\u00eda Miculicich","robots":{"index":"index","follow":"follow","max-snippet":"max-snippet:-1","max-image-preview":"max-image-preview:large","max-video-preview":"max-video-preview:-1"},"canonical":"https:\/\/lumiculicich.com\/foto-fanzine-u\/","og_locale":"en_US","og_type":"article","og_title":"U photo-fanzine - Luc\u00eda Miculicich","og_description":"[:es]Foto-fanzine que re\u00fane fotograf\u00edas tomadas en Ushuaia, Tierra del Fuego, durante marzo de 2016.[:en]Photo-fanzine that collects photographs taken in Ushuaia, Tierra del Fuego, in March 2016.[:]","og_url":"https:\/\/lumiculicich.com\/foto-fanzine-u\/","og_site_name":"Luc\u00eda Miculicich","article_published_time":"2018-07-19T17:09:33+00:00","article_modified_time":"2023-10-28T11:41:45+00:00","og_image":[{"width":2000,"height":1226,"url":"https:\/\/lumiculicich.com\/wp-content\/uploads\/2023\/10\/LM_U_Thumbnail.jpg","type":"image\/jpeg"}],"author":"Luc\u00eda Miculicich","twitter_card":"summary_large_image","twitter_misc":{"Written by":"Luc\u00eda Miculicich","Est. reading time":"1 minute"},"schema":{"@context":"https:\/\/schema.org","@graph":[{"@type":"Article","@id":"https:\/\/lumiculicich.com\/foto-fanzine-u\/#article","isPartOf":{"@id":"https:\/\/lumiculicich.com\/foto-fanzine-u\/"},"author":{"name":"Luc\u00eda Miculicich","@id":"https:\/\/lumiculicich.com\/#\/schema\/person\/28bae0e5f12cd32ecea58088f38c655b"},"headline":"U photo-fanzine","datePublished":"2018-07-19T17:09:33+00:00","dateModified":"2023-10-28T11:41:45+00:00","mainEntityOfPage":{"@id":"https:\/\/lumiculicich.com\/foto-fanzine-u\/"},"wordCount":275,"publisher":{"@id":"https:\/\/lumiculicich.com\/#\/schema\/person\/28bae0e5f12cd32ecea58088f38c655b"},"image":{"@id":"https:\/\/lumiculicich.com\/foto-fanzine-u\/#primaryimage"},"thumbnailUrl":"https:\/\/lumiculicich.com\/wp-content\/uploads\/2023\/10\/LM_U_Thumbnail.jpg","keywords":["Graphic design","Editorial","Photography"],"articleSection":["Art","Design"],"inLanguage":"en-US"},{"@type":"WebPage","@id":"https:\/\/lumiculicich.com\/foto-fanzine-u\/","url":"https:\/\/lumiculicich.com\/foto-fanzine-u\/","name":"U photo-fanzine - Luc\u00eda Miculicich","isPartOf":{"@id":"https:\/\/lumiculicich.com\/#website"},"primaryImageOfPage":{"@id":"https:\/\/lumiculicich.com\/foto-fanzine-u\/#primaryimage"},"image":{"@id":"https:\/\/lumiculicich.com\/foto-fanzine-u\/#primaryimage"},"thumbnailUrl":"https:\/\/lumiculicich.com\/wp-content\/uploads\/2023\/10\/LM_U_Thumbnail.jpg","datePublished":"2018-07-19T17:09:33+00:00","dateModified":"2023-10-28T11:41:45+00:00","breadcrumb":{"@id":"https:\/\/lumiculicich.com\/foto-fanzine-u\/#breadcrumb"},"inLanguage":"en-US","potentialAction":[{"@type":"ReadAction","target":["https:\/\/lumiculicich.com\/foto-fanzine-u\/"]}]},{"@type":"ImageObject","inLanguage":"en-US","@id":"https:\/\/lumiculicich.com\/foto-fanzine-u\/#primaryimage","url":"https:\/\/lumiculicich.com\/wp-content\/uploads\/2023\/10\/LM_U_Thumbnail.jpg","contentUrl":"https:\/\/lumiculicich.com\/wp-content\/uploads\/2023\/10\/LM_U_Thumbnail.jpg","width":2000,"height":1226},{"@type":"BreadcrumbList","@id":"https:\/\/lumiculicich.com\/foto-fanzine-u\/#breadcrumb","itemListElement":[{"@type":"ListItem","position":1,"name":"Inicio","item":"https:\/\/lumiculicich.com\/"},{"@type":"ListItem","position":2,"name":"Foto-fanzine U"}]},{"@type":"WebSite","@id":"https:\/\/lumiculicich.com\/#website","url":"https:\/\/lumiculicich.com\/","name":"Luc\u00eda Miculicich","description":"Visual + Multimedia Designer","publisher":{"@id":"https:\/\/lumiculicich.com\/#\/schema\/person\/28bae0e5f12cd32ecea58088f38c655b"},"potentialAction":[{"@type":"SearchAction","target":{"@type":"EntryPoint","urlTemplate":"https:\/\/lumiculicich.com\/?s={search_term_string}"},"query-input":{"@type":"PropertyValueSpecification","valueRequired":true,"valueName":"search_term_string"}}],"inLanguage":"en-US"},{"@type":["Person","Organization"],"@id":"https:\/\/lumiculicich.com\/#\/schema\/person\/28bae0e5f12cd32ecea58088f38c655b","name":"Luc\u00eda Miculicich","image":{"@type":"ImageObject","inLanguage":"en-US","@id":"https:\/\/lumiculicich.com\/#\/schema\/person\/image\/","url":"https:\/\/lumiculicich.com\/wp-content\/uploads\/2023\/10\/LM_CV.jpg","contentUrl":"https:\/\/lumiculicich.com\/wp-content\/uploads\/2023\/10\/LM_CV.jpg","width":1000,"height":1000,"caption":"Luc\u00eda Miculicich"},"logo":{"@id":"https:\/\/lumiculicich.com\/#\/schema\/person\/image\/"},"sameAs":["https:\/\/www.lumiculicich.com"]}]}},"_links":{"self":[{"href":"https:\/\/lumiculicich.com\/en\/wp-json\/wp\/v2\/posts\/60"}],"collection":[{"href":"https:\/\/lumiculicich.com\/en\/wp-json\/wp\/v2\/posts"}],"about":[{"href":"https:\/\/lumiculicich.com\/en\/wp-json\/wp\/v2\/types\/post"}],"author":[{"embeddable":true,"href":"https:\/\/lumiculicich.com\/en\/wp-json\/wp\/v2\/users\/2"}],"replies":[{"embeddable":true,"href":"https:\/\/lumiculicich.com\/en\/wp-json\/wp\/v2\/comments?post=60"}],"version-history":[{"count":21,"href":"https:\/\/lumiculicich.com\/en\/wp-json\/wp\/v2\/posts\/60\/revisions"}],"predecessor-version":[{"id":1669,"href":"https:\/\/lumiculicich.com\/en\/wp-json\/wp\/v2\/posts\/60\/revisions\/1669"}],"wp:featuredmedia":[{"embeddable":true,"href":"https:\/\/lumiculicich.com\/en\/wp-json\/wp\/v2\/media\/1222"}],"wp:attachment":[{"href":"https:\/\/lumiculicich.com\/en\/wp-json\/wp\/v2\/media?parent=60"}],"wp:term":[{"taxonomy":"category","embeddable":true,"href":"https:\/\/lumiculicich.com\/en\/wp-json\/wp\/v2\/categories?post=60"},{"taxonomy":"post_tag","embeddable":true,"href":"https:\/\/lumiculicich.com\/en\/wp-json\/wp\/v2\/tags?post=60"}],"curies":[{"name":"wp","href":"https:\/\/api.w.org\/{rel}","templated":true}]}}